{"id":160,"date":"2018-03-05T20:17:52","date_gmt":"2018-03-05T19:17:52","guid":{"rendered":"https:\/\/coglobal.es\/os\/?p=160"},"modified":"2019-04-22T13:43:33","modified_gmt":"2019-04-22T12:43:33","slug":"presentacion-del-proyecto-objetivo-sostenibilidad","status":"publish","type":"post","link":"https:\/\/coglobal.es\/os\/presentacion-del-proyecto-objetivo-sostenibilidad\/","title":{"rendered":"Presentaci\u00f3n del proyecto Objetivo Sostenibilidad!"},"content":{"rendered":"<p class=\"intro-content\">En el marco del <a href=\"https:\/\/coglobal.es\/encuentro-agora-infantil\/\">Encuentro \u00c1gora Infantil (2018),<\/a> celebrado el 15 de febrero en M\u00e1laga, fue presentado <a href=\"https:\/\/coglobal.es\/os\/about\/\">Objetivo Sostenibilidad<\/a>! el proyecto dise\u00f1ado por Coglobal que combina democracia participativa y educaci\u00f3n para el desarrollo, fue presentado en el marco del encuentro Ruta Sur, celebrado el 15 de febrero en M\u00e1laga.<\/p>\n<p>En la mesa de presentaci\u00f3n de <a href=\"https:\/\/coglobal.es\/os\/about\/\">OS!<\/a> participaron Auxi J. Le\u00f3n, t\u00e9cnica y coordinador de Educaci\u00f3n para el Desarrollo en <a href=\"http:\/\/www.mzc.es\/\"><strong>MZC-M\u00e1laga<\/strong><\/a><strong>,<\/strong> David Comet, coordinador del \u00e1rea de acci\u00f3n social y comunicaci\u00f3n de la organizaci\u00f3n de comercio justo, <a href=\"https:\/\/ideas.coop\/\"><strong>IDEAS<\/strong><\/a><strong>, <\/strong>y Andr\u00e9s Falck, director de <a href=\"https:\/\/coglobal.es\/somos\/\"><strong>Coglobal.<\/strong><\/a><\/p>\n<p><img loading=\"lazy\" decoding=\"async\" class=\"alignnone wp-image-161 size-large\" src=\"https:\/\/coglobal.es\/os\/wp-content\/uploads\/2018\/03\/OS-presenta\u00e7ao-1024x754.jpg\" alt=\"\" width=\"640\" height=\"471\"><\/p>\n<p>Objetivo Sostenibilidad es un proyecto que aborda los retos globales desde el \u00e1mbito local. A partir de dichos retos globales articulados desde la ONU como los <strong>Objetivos de Desarrollo Sostenible<\/strong> (ODS), se trabaja a escala local desde las aulas de clase en un proceso participativo compuesto de 8 sesiones en el que se dan a conocer los ODS, estimulando la noci\u00f3n de ciudadan\u00eda global y poniendo en pr\u00e1ctica la participaci\u00f3n, el di\u00e1logo y el trabajo colaborativo.<\/p>\n<p><img loading=\"lazy\" decoding=\"async\" class=\"alignnone wp-image-162 size-large\" src=\"https:\/\/coglobal.es\/os\/wp-content\/uploads\/2018\/03\/39501420035_e93cb8a1c3_o-1024x768.jpg\" alt=\"\" width=\"640\" height=\"480\" srcset=\"https:\/\/coglobal.es\/os\/wp-content\/uploads\/2018\/03\/39501420035_e93cb8a1c3_o-1024x768.jpg 1024w, https:\/\/coglobal.es\/os\/wp-content\/uploads\/2018\/03\/39501420035_e93cb8a1c3_o-300x225.jpg 300w, https:\/\/coglobal.es\/os\/wp-content\/uploads\/2018\/03\/39501420035_e93cb8a1c3_o-768x576.jpg 768w\" sizes=\"auto, (max-width: 640px) 100vw, 640px\" \/><br \/>\nEn el proyecto se han seleccionado <strong>4<\/strong> <strong>de los 17 ODS:<\/strong> (1) fin de la pobreza, (2) hambre cero, (5) igualdad de g\u00e9nero y (13) acci\u00f3n por el clima. Para abordar los ODS seleccionados, se han dise\u00f1ado sesiones espec\u00edficas con la colaboraci\u00f3n de <strong>IDEAS, MZC y Ecotono<\/strong>, organizaciones que trabajan directamente con dichos objetivos.<\/p>\n<p><img loading=\"lazy\" decoding=\"async\" class=\"alignnone wp-image-163 size-large\" style=\"font-size: 1rem;\" src=\"https:\/\/coglobal.es\/os\/wp-content\/uploads\/2018\/03\/escolares-cenital-1024x769.jpg\" alt=\"\" width=\"640\" height=\"481\" srcset=\"https:\/\/coglobal.es\/os\/wp-content\/uploads\/2018\/03\/escolares-cenital-1024x769.jpg 1024w, https:\/\/coglobal.es\/os\/wp-content\/uploads\/2018\/03\/escolares-cenital-300x225.jpg 300w, https:\/\/coglobal.es\/os\/wp-content\/uploads\/2018\/03\/escolares-cenital-768x577.jpg 768w, https:\/\/coglobal.es\/os\/wp-content\/uploads\/2018\/03\/escolares-cenital.jpg 1600w\" sizes=\"auto, (max-width: 640px) 100vw, 640px\" \/><\/p>\n<p>Las actividades se complementan con sesiones de<strong> empoderamiento comunicativo y di\u00e1logo colectivo<\/strong> en el que las nociones ejercitadas se enfocan en el <strong>dise\u00f1o participativo<\/strong> de una campa\u00f1a de sensibilizaci\u00f3n sobre los ODS para su comunidad. El proyecto culmina con un pleno infantil en donde se presentan las propuestas finales sobre la campa\u00f1a de sensibilizaci\u00f3n.<\/p>\n<p>Si deseas conocer la evoluci\u00f3n del proyecto puedes visitar <a href=\"https:\/\/coglobal.es\/os\/\">https:\/\/coglobal.es\/os\/<\/a><\/p>\n","protected":false},"excerpt":{"rendered":"<p>En el marco del Encuentro \u00c1gora Infantil (2018), celebrado el 15 de febrero en M\u00e1laga, fue presentado Objetivo Sostenibilidad! el proyecto dise\u00f1ado por Coglobal que combina democracia participativa y educaci\u00f3n para el desarrollo, fue presentado en el marco del encuentro Ruta Sur, celebrado el 15 de febrero en M\u00e1laga. En la mesa de presentaci\u00f3n de OS! participaron Auxi J. Le\u00f3n, t\u00e9cnica y coordinador de Educaci\u00f3n para el Desarrollo en MZC-M\u00e1laga, David Comet, coordinador del \u00e1rea de acci\u00f3n social y comunicaci\u00f3n de la organizaci\u00f3n de comercio justo, IDEAS, y Andr\u00e9s Falck, director de Coglobal. Objetivo Sostenibilidad es un proyecto que aborda [&#8230;]<\/p>\n<p><a class=\"btn btn-secondary understrap-read-more-link\" href=\"https:\/\/coglobal.es\/os\/presentacion-del-proyecto-objetivo-sostenibilidad\/\">Leer m\u00e1s&#8230;<\/a><\/p>\n","protected":false},"author":3,"featured_media":162,"comment_status":"open","ping_status":"closed","sticky":false,"template":"","format":"standard","meta":{"footnotes":""},"categories":[4,5,7,1,8,9],"tags":[32,36,34,31,33],"class_list":["post-160","post","type-post","status-publish","format-standard","has-post-thumbnail","hentry","category-alcala-de-guadaira","category-almachar","category-huelva","category-noticios","category-puente-genil","category-rincon-de-la-victoria","tag-alcala-de-guadaira-consejo-de-la-infancia","tag-almachar-ceip-la-parra","tag-huelva-ceip-v-centenario","tag-los-barrios-ceip-san-ramon-nonato","tag-puente-genil-ceip-castillo-anzur"],"featured_image_urls_v2":{"full":["https:\/\/coglobal.es\/os\/wp-content\/uploads\/2018\/03\/39501420035_e93cb8a1c3_o.jpg",4032,3024,false],"thumbnail":["https:\/\/coglobal.es\/os\/wp-content\/uploads\/2018\/03\/39501420035_e93cb8a1c3_o-150x150.jpg",150,150,true],"medium":["https:\/\/coglobal.es\/os\/wp-content\/uploads\/2018\/03\/39501420035_e93cb8a1c3_o-300x225.jpg",300,225,true],"medium_large":["https:\/\/coglobal.es\/os\/wp-content\/uploads\/2018\/03\/39501420035_e93cb8a1c3_o-768x576.jpg",640,480,true],"large":["https:\/\/coglobal.es\/os\/wp-content\/uploads\/2018\/03\/39501420035_e93cb8a1c3_o-1024x768.jpg",640,480,true],"1536x1536":["https:\/\/coglobal.es\/os\/wp-content\/uploads\/2018\/03\/39501420035_e93cb8a1c3_o.jpg",1536,1152,false],"2048x2048":["https:\/\/coglobal.es\/os\/wp-content\/uploads\/2018\/03\/39501420035_e93cb8a1c3_o.jpg",2048,1536,false]},"post_excerpt_stackable_v2":"<p>En el marco del Encuentro \u00c1gora Infantil (2018), celebrado el 15 de febrero en M\u00e1laga, fue presentado Objetivo Sostenibilidad! el proyecto dise\u00f1ado por Coglobal que combina democracia participativa y educaci\u00f3n para el desarrollo, fue presentado en el marco del encuentro Ruta Sur, celebrado el 15 de febrero en M\u00e1laga. En la mesa de presentaci\u00f3n de OS! participaron Auxi J. Le\u00f3n, t\u00e9cnica y coordinador de Educaci\u00f3n para el Desarrollo en MZC-M\u00e1laga, David Comet, coordinador del \u00e1rea de acci\u00f3n social y comunicaci\u00f3n de la organizaci\u00f3n de comercio justo, IDEAS, y Andr\u00e9s Falck, director de Coglobal. Objetivo Sostenibilidad es un proyecto que aborda&hellip;<\/p>\n","category_list_v2":"<a href=\"https:\/\/coglobal.es\/os\/category\/alcala-de-guadaira\/\" rel=\"category tag\">Alcal\u00e1 de Guada\u00edra<\/a>, <a href=\"https:\/\/coglobal.es\/os\/category\/almachar\/\" rel=\"category tag\">Alm\u00e1char<\/a>, <a href=\"https:\/\/coglobal.es\/os\/category\/huelva\/\" rel=\"category tag\">Huelva<\/a>, <a href=\"https:\/\/coglobal.es\/os\/category\/noticios\/\" rel=\"category tag\">OS!<\/a>, <a href=\"https:\/\/coglobal.es\/os\/category\/puente-genil\/\" rel=\"category tag\">Puente Genil<\/a>, <a href=\"https:\/\/coglobal.es\/os\/category\/rincon-de-la-victoria\/\" rel=\"category tag\">Rinc\u00f3n de la Victoria<\/a>","author_info_v2":{"name":"Carolina Serrano","url":"https:\/\/coglobal.es\/os\/author\/carolina\/"},"comments_num_v2":"3 comentarios","_links":{"self":[{"href":"https:\/\/coglobal.es\/os\/wp-json\/wp\/v2\/posts\/160","targetHints":{"allow":["GET"]}}],"collection":[{"href":"https:\/\/coglobal.es\/os\/wp-json\/wp\/v2\/posts"}],"about":[{"href":"https:\/\/coglobal.es\/os\/wp-json\/wp\/v2\/types\/post"}],"author":[{"embeddable":true,"href":"https:\/\/coglobal.es\/os\/wp-json\/wp\/v2\/users\/3"}],"replies":[{"embeddable":true,"href":"https:\/\/coglobal.es\/os\/wp-json\/wp\/v2\/comments?post=160"}],"version-history":[{"count":4,"href":"https:\/\/coglobal.es\/os\/wp-json\/wp\/v2\/posts\/160\/revisions"}],"predecessor-version":[{"id":1207,"href":"https:\/\/coglobal.es\/os\/wp-json\/wp\/v2\/posts\/160\/revisions\/1207"}],"wp:featuredmedia":[{"embeddable":true,"href":"https:\/\/coglobal.es\/os\/wp-json\/wp\/v2\/media\/162"}],"wp:attachment":[{"href":"https:\/\/coglobal.es\/os\/wp-json\/wp\/v2\/media?parent=160"}],"wp:term":[{"taxonomy":"category","embeddable":true,"href":"https:\/\/coglobal.es\/os\/wp-json\/wp\/v2\/categories?post=160"},{"taxonomy":"post_tag","embeddable":true,"href":"https:\/\/coglobal.es\/os\/wp-json\/wp\/v2\/tags?post=160"}],"curies":[{"name":"wp","href":"https:\/\/api.w.org\/{rel}","templated":true}]}}