{"id":1833,"date":"2022-03-28T15:30:01","date_gmt":"2022-03-28T14:30:01","guid":{"rendered":"https:\/\/coglobal.es\/os\/?p=1833"},"modified":"2023-02-01T09:06:15","modified_gmt":"2023-02-01T08:06:15","slug":"escolares-de-murcia-acogen-en-sus-aulas-al-programa-objetivo-sostenibilidad","status":"publish","type":"post","link":"https:\/\/coglobal.es\/os\/escolares-de-murcia-acogen-en-sus-aulas-al-programa-objetivo-sostenibilidad\/","title":{"rendered":"Escolares de Murcia acogen en sus aulas al programa Objetivo Sostenibilidad!"},"content":{"rendered":"\n<p class=\"intro-content\">50 ni\u00f1os, ni\u00f1as y adolescentes de los centros Giner de los R\u00edos (Yecla) y Nuestra Se\u00f1ora de los Dolores (Torre Pacheco) participan en el programa Objetivo Sostenibilidad!<\/p>\n\n\n\n<p><\/p>\n\n\n\n<div class=\"wp-block-stackable-columns stk-block-columns stk-block stk-5d581bc\" data-block-id=\"5d581bc\"><div class=\"stk-row stk-inner-blocks stk-block-content stk-content-align stk-5d581bc-column\">\n<div class=\"wp-block-stackable-column stk-block-column stk-column stk-block stk-1297e26\" data-block-id=\"1297e26\"><div class=\"stk-column-wrapper stk-block-column__content stk-container stk-1297e26-container stk--no-background stk--no-padding\"><div class=\"stk-block-content stk-inner-blocks\">\n<figure class=\"wp-block-gallery has-nested-images columns-default is-cropped wp-block-gallery-1 is-layout-flex wp-block-gallery-is-layout-flex\">\n<figure class=\"wp-block-image size-large\"><img loading=\"lazy\" decoding=\"async\" width=\"1264\" height=\"948\" data-id=\"1838\" src=\"https:\/\/coglobal.es\/os\/wp-content\/uploads\/2022\/03\/foto-6o-primaria-Murcia_Giner-de-los-Rios.jpg\" alt=\"\" class=\"wp-image-1838\" srcset=\"https:\/\/coglobal.es\/os\/wp-content\/uploads\/2022\/03\/foto-6o-primaria-Murcia_Giner-de-los-Rios.jpg 1264w, https:\/\/coglobal.es\/os\/wp-content\/uploads\/2022\/03\/foto-6o-primaria-Murcia_Giner-de-los-Rios-300x225.jpg 300w, https:\/\/coglobal.es\/os\/wp-content\/uploads\/2022\/03\/foto-6o-primaria-Murcia_Giner-de-los-Rios-1024x768.jpg 1024w, https:\/\/coglobal.es\/os\/wp-content\/uploads\/2022\/03\/foto-6o-primaria-Murcia_Giner-de-los-Rios-768x576.jpg 768w\" sizes=\"auto, (max-width: 1264px) 100vw, 1264px\" \/><\/figure>\n\n\n\n<figure class=\"wp-block-image size-large\"><img loading=\"lazy\" decoding=\"async\" width=\"1238\" height=\"928\" data-id=\"1837\" src=\"https:\/\/coglobal.es\/os\/wp-content\/uploads\/2022\/03\/foto-6o-nuestra-senora-dolores-murcia.jpg\" alt=\"\" class=\"wp-image-1837\" srcset=\"https:\/\/coglobal.es\/os\/wp-content\/uploads\/2022\/03\/foto-6o-nuestra-senora-dolores-murcia.jpg 1238w, https:\/\/coglobal.es\/os\/wp-content\/uploads\/2022\/03\/foto-6o-nuestra-senora-dolores-murcia-300x225.jpg 300w, https:\/\/coglobal.es\/os\/wp-content\/uploads\/2022\/03\/foto-6o-nuestra-senora-dolores-murcia-1024x768.jpg 1024w, https:\/\/coglobal.es\/os\/wp-content\/uploads\/2022\/03\/foto-6o-nuestra-senora-dolores-murcia-768x576.jpg 768w\" sizes=\"auto, (max-width: 1238px) 100vw, 1238px\" \/><\/figure>\n<\/figure>\n<\/div><\/div><\/div>\n<\/div><\/div>\n\n\n\n<p>Objetivo Sostenibilidad! (OS!) es un programa que combina estrategias de educaci\u00f3n para el desarrollo y democracia participativa promoviendo la sensibilizaci\u00f3n y divulgaci\u00f3n de los Objetivos de Desarrollo Sostenible (ODS), a trav\u00e9s de din\u00e1micas l\u00fadicas y participativas que favorecen el desarrollo individual y el empoderamiento social de los escolares.<\/p>\n\n\n\n<p>Esta intervenci\u00f3n es subvencionada por la Regi\u00f3n de Murcia, desarrollada por Coglobal y fundamentada en la gobernanza participativa local, los derechos de la infancia, el enfoque de g\u00e9nero y los ODS.<\/p>\n\n\n\n<p>En las primeras sesiones que iniciaron el 10 de marzo, los estudiantes<strong>\u00a0<\/strong>de tercer ciclo de primaria (5\u00ba o 6\u00ba) o primer ciclo de secundaria (1\u00ba o 2\u00ba ESO), con mucho inter\u00e9s y entusiasmo han conocido los primeros ODS que proponen poner fin a la pobreza y al hambre (ODS 1 y 2); la vida sana y el bienestar (ODS 3); y, la igualdad de g\u00e9nero (ODS 5); en las pr\u00f3ximas sesiones se har\u00e1 \u00e9nfasis en el ODS 13: Acci\u00f3n por el Clima.<\/p>\n\n\n\n<p>Con su metodolog\u00eda, OS! promueve el aprendizaje acerca de la escucha activa, argumentaci\u00f3n y oratoria, mediaci\u00f3n y resoluci\u00f3n de conflictos contribuyendo, de esta manera, a la conformaci\u00f3n de una ciudadan\u00eda mundial solidaria, cr\u00edtica y responsable sobre el cambio clim\u00e1tico y el logro de ciudades y pueblos sostenibles.<\/p>\n\n\n\n<p>OS! se lleva a cabo en alianza con los gobiernos y entidades locales para potenciar la participaci\u00f3n en iniciativas locales y aumentar el conocimiento y los valores para una cultura democr\u00e1tica. Favorece sinergias entre alumnado, centros escolares, ayuntamiento, organizaciones sociales y medios de comunicaci\u00f3n a trav\u00e9s campa\u00f1as de sensibilizaci\u00f3n audiovisuales sobre los ODS, dise\u00f1adas con y por menores.<\/p>\n\n\n\n<div class=\"wp-block-image\"><figure class=\"alignleft size-full is-resized\"><img loading=\"lazy\" decoding=\"async\" src=\"https:\/\/coglobal.es\/os\/wp-content\/uploads\/2022\/03\/Logo-Region-de-Murcia-PNG.png\" alt=\"\" class=\"wp-image-1840\" width=\"195\" height=\"81\"\/><\/figure><\/div>\n\n\n\n<hr class=\"wp-block-separator\"\/>\n\n\n\n<p><a id=\"_msocom_1\"><\/a><\/p>\n\n\n\n<p><\/p>\n","protected":false},"excerpt":{"rendered":"<p>50 ni\u00f1os, ni\u00f1as y adolescentes de los centros Giner de los R\u00edos (Yecla) y Nuestra Se\u00f1ora de los Dolores (Torre Pacheco) participan en el programa Objetivo Sostenibilidad! Objetivo Sostenibilidad! (OS!) es un programa que combina estrategias de educaci\u00f3n para el desarrollo y democracia participativa promoviendo la sensibilizaci\u00f3n y divulgaci\u00f3n de los Objetivos de Desarrollo Sostenible (ODS), a trav\u00e9s de din\u00e1micas l\u00fadicas y participativas que favorecen el desarrollo individual y el empoderamiento social de los escolares. Esta intervenci\u00f3n es subvencionada por la Regi\u00f3n de Murcia, desarrollada por Coglobal y fundamentada en la gobernanza participativa local, los derechos de la infancia, el [&#8230;]<\/p>\n<p><a class=\"btn btn-secondary understrap-read-more-link\" href=\"https:\/\/coglobal.es\/os\/escolares-de-murcia-acogen-en-sus-aulas-al-programa-objetivo-sostenibilidad\/\">Leer m\u00e1s&#8230;<\/a><\/p>\n","protected":false},"author":35,"featured_media":0,"comment_status":"open","ping_status":"closed","sticky":false,"template":"","format":"standard","meta":{"footnotes":""},"categories":[1],"tags":[91,26],"class_list":["post-1833","post","type-post","status-publish","format-standard","hentry","category-noticios","tag-objetivo-sostenibilidad","tag-region-de-murcia"],"featured_image_urls_v2":{"full":"","thumbnail":"","medium":"","medium_large":"","large":"","1536x1536":"","2048x2048":""},"post_excerpt_stackable_v2":"<p>50 ni\u00f1os, ni\u00f1as y adolescentes de los centros Giner de los R\u00edos (Yecla) y Nuestra Se\u00f1ora de los Dolores (Torre Pacheco) participan en el programa Objetivo Sostenibilidad! Objetivo Sostenibilidad! (OS!) es un programa que combina estrategias de educaci\u00f3n para el desarrollo y democracia participativa promoviendo la sensibilizaci\u00f3n y divulgaci\u00f3n de los Objetivos de Desarrollo Sostenible (ODS), a trav\u00e9s de din\u00e1micas l\u00fadicas y participativas que favorecen el desarrollo individual y el empoderamiento social de los escolares. Esta intervenci\u00f3n es subvencionada por la Regi\u00f3n de Murcia, desarrollada por Coglobal y fundamentada en la gobernanza participativa local, los derechos de la infancia, el&hellip;<\/p>\n","category_list_v2":"<a href=\"https:\/\/coglobal.es\/os\/category\/noticios\/\" rel=\"category tag\">OS!<\/a>","author_info_v2":{"name":"Nancy Rodr\u00edguez","url":"https:\/\/coglobal.es\/os\/author\/nancy\/"},"comments_num_v2":"0 comentarios","_links":{"self":[{"href":"https:\/\/coglobal.es\/os\/wp-json\/wp\/v2\/posts\/1833","targetHints":{"allow":["GET"]}}],"collection":[{"href":"https:\/\/coglobal.es\/os\/wp-json\/wp\/v2\/posts"}],"about":[{"href":"https:\/\/coglobal.es\/os\/wp-json\/wp\/v2\/types\/post"}],"author":[{"embeddable":true,"href":"https:\/\/coglobal.es\/os\/wp-json\/wp\/v2\/users\/35"}],"replies":[{"embeddable":true,"href":"https:\/\/coglobal.es\/os\/wp-json\/wp\/v2\/comments?post=1833"}],"version-history":[{"count":4,"href":"https:\/\/coglobal.es\/os\/wp-json\/wp\/v2\/posts\/1833\/revisions"}],"predecessor-version":[{"id":1841,"href":"https:\/\/coglobal.es\/os\/wp-json\/wp\/v2\/posts\/1833\/revisions\/1841"}],"wp:attachment":[{"href":"https:\/\/coglobal.es\/os\/wp-json\/wp\/v2\/media?parent=1833"}],"wp:term":[{"taxonomy":"category","embeddable":true,"href":"https:\/\/coglobal.es\/os\/wp-json\/wp\/v2\/categories?post=1833"},{"taxonomy":"post_tag","embeddable":true,"href":"https:\/\/coglobal.es\/os\/wp-json\/wp\/v2\/tags?post=1833"}],"curies":[{"name":"wp","href":"https:\/\/api.w.org\/{rel}","templated":true}]}}