{"id":1969,"date":"2023-11-20T11:43:05","date_gmt":"2023-11-20T10:43:05","guid":{"rendered":"https:\/\/coglobal.es\/os\/?p=1969"},"modified":"2023-11-20T11:43:20","modified_gmt":"2023-11-20T10:43:20","slug":"escolares-de-malaga-acogen-en-sus-aulas-coopera-por-el-ods-5","status":"publish","type":"post","link":"https:\/\/coglobal.es\/os\/escolares-de-malaga-acogen-en-sus-aulas-coopera-por-el-ods-5\/","title":{"rendered":"Escolares de M\u00e1laga acogen en sus aulas Coopera por el ODS 5"},"content":{"rendered":"\n<p class=\"intro-content\">Tres grupos de 2\u00ba de ESO del IES Bel\u00e9n participan en el proyecto Coopera por el ODS 5, un itinerario de talleres participativos que busca sensibilizar a la juventud malague\u00f1a para la promoci\u00f3n de la igualdad de g\u00e9nero y la cooperaci\u00f3n internacional al desarrollo, poniendo el foco en el quinto Objetivo de Desarrollo Sostenible (ODS) de la Agenda 2030: la <strong>Igualdad de g\u00e9nero<\/strong>.<\/p>\n\n\n\n<p>La intervenci\u00f3n, subvencionada por el \u00c1rea de Participaci\u00f3n Ciudadana, Migraci\u00f3n, Acci\u00f3n Exterior, Cooperaci\u00f3n al Desarrollo, Transparencia y Buen Gobierno del Ayuntamiento de M\u00e1laga, ha tenido muy buena acogida durante sus primeras sesiones introductorias con los grupos de escolares. Durante los pr\u00f3ximos meses analizar\u00e1n la realidad de su territorio as\u00ed como la de otros territorios en v\u00edas de desarrollo, compartir\u00e1n ideas, deliberar\u00e1n y construir\u00e1n\u00a0 colectivamente una campa\u00f1a de sensibilizaci\u00f3n dirigida a sus compa\u00f1eros y compa\u00f1eras de instituto.<\/p>\n\n\n<div class=\"wp-block-image\">\n<figure class=\"alignleft size-full\"><img loading=\"lazy\" decoding=\"async\" width=\"768\" height=\"840\" src=\"https:\/\/coglobal.es\/os\/wp-content\/uploads\/2023\/11\/ods5-malaga.jpg\" alt=\"\" class=\"wp-image-1970\" srcset=\"https:\/\/coglobal.es\/os\/wp-content\/uploads\/2023\/11\/ods5-malaga.jpg 768w, https:\/\/coglobal.es\/os\/wp-content\/uploads\/2023\/11\/ods5-malaga-274x300.jpg 274w\" sizes=\"auto, (max-width: 768px) 100vw, 768px\" \/><\/figure>\n<\/div>","protected":false},"excerpt":{"rendered":"<p>Tres grupos de 2\u00ba de ESO del IES Bel\u00e9n participan en el proyecto Coopera por el ODS 5, un itinerario de talleres participativos que busca sensibilizar a la juventud malague\u00f1a para la promoci\u00f3n de la igualdad de g\u00e9nero y la cooperaci\u00f3n internacional al desarrollo, poniendo el foco en el quinto Objetivo de Desarrollo Sostenible (ODS) de la Agenda 2030: la Igualdad de g\u00e9nero. La intervenci\u00f3n, subvencionada por el \u00c1rea de Participaci\u00f3n Ciudadana, Migraci\u00f3n, Acci\u00f3n Exterior, Cooperaci\u00f3n al Desarrollo, Transparencia y Buen Gobierno del Ayuntamiento de M\u00e1laga, ha tenido muy buena acogida durante sus primeras sesiones introductorias con los grupos de [&#8230;]<\/p>\n<p><a class=\"btn btn-secondary understrap-read-more-link\" href=\"https:\/\/coglobal.es\/os\/escolares-de-malaga-acogen-en-sus-aulas-coopera-por-el-ods-5\/\">Leer m\u00e1s&#8230;<\/a><\/p>\n","protected":false},"author":1,"featured_media":1970,"comment_status":"open","ping_status":"closed","sticky":false,"template":"","format":"standard","meta":{"footnotes":""},"categories":[122,1],"tags":[],"class_list":["post-1969","post","type-post","status-publish","format-standard","has-post-thumbnail","hentry","category-coopera-por-el-ods5","category-noticios"],"featured_image_urls_v2":{"full":["https:\/\/coglobal.es\/os\/wp-content\/uploads\/2023\/11\/ods5-malaga.jpg",768,840,false],"thumbnail":["https:\/\/coglobal.es\/os\/wp-content\/uploads\/2023\/11\/ods5-malaga-150x150.jpg",150,150,true],"medium":["https:\/\/coglobal.es\/os\/wp-content\/uploads\/2023\/11\/ods5-malaga-274x300.jpg",274,300,true],"medium_large":["https:\/\/coglobal.es\/os\/wp-content\/uploads\/2023\/11\/ods5-malaga.jpg",640,700,false],"large":["https:\/\/coglobal.es\/os\/wp-content\/uploads\/2023\/11\/ods5-malaga.jpg",640,700,false],"1536x1536":["https:\/\/coglobal.es\/os\/wp-content\/uploads\/2023\/11\/ods5-malaga.jpg",768,840,false],"2048x2048":["https:\/\/coglobal.es\/os\/wp-content\/uploads\/2023\/11\/ods5-malaga.jpg",768,840,false]},"post_excerpt_stackable_v2":"<p>Tres grupos de 2\u00ba de ESO del IES Bel\u00e9n participan en el proyecto Coopera por el ODS 5, un itinerario de talleres participativos que busca sensibilizar a la juventud malague\u00f1a para la promoci\u00f3n de la igualdad de g\u00e9nero y la cooperaci\u00f3n internacional al desarrollo, poniendo el foco en el quinto Objetivo de Desarrollo Sostenible (ODS) de la Agenda 2030: la Igualdad de g\u00e9nero. La intervenci\u00f3n, subvencionada por el \u00c1rea de Participaci\u00f3n Ciudadana, Migraci\u00f3n, Acci\u00f3n Exterior, Cooperaci\u00f3n al Desarrollo, Transparencia y Buen Gobierno del Ayuntamiento de M\u00e1laga, ha tenido muy buena acogida durante sus primeras sesiones introductorias con los grupos de&hellip;<\/p>\n","category_list_v2":"<a href=\"https:\/\/coglobal.es\/os\/category\/coopera-por-el-ods5\/\" rel=\"category tag\">Coopera por el ODS5<\/a>, <a href=\"https:\/\/coglobal.es\/os\/category\/noticios\/\" rel=\"category tag\">OS!<\/a>","author_info_v2":{"name":"OS!","url":"https:\/\/coglobal.es\/os\/author\/coglobal_w2voeg\/"},"comments_num_v2":"0 comentarios","_links":{"self":[{"href":"https:\/\/coglobal.es\/os\/wp-json\/wp\/v2\/posts\/1969","targetHints":{"allow":["GET"]}}],"collection":[{"href":"https:\/\/coglobal.es\/os\/wp-json\/wp\/v2\/posts"}],"about":[{"href":"https:\/\/coglobal.es\/os\/wp-json\/wp\/v2\/types\/post"}],"author":[{"embeddable":true,"href":"https:\/\/coglobal.es\/os\/wp-json\/wp\/v2\/users\/1"}],"replies":[{"embeddable":true,"href":"https:\/\/coglobal.es\/os\/wp-json\/wp\/v2\/comments?post=1969"}],"version-history":[{"count":1,"href":"https:\/\/coglobal.es\/os\/wp-json\/wp\/v2\/posts\/1969\/revisions"}],"predecessor-version":[{"id":1971,"href":"https:\/\/coglobal.es\/os\/wp-json\/wp\/v2\/posts\/1969\/revisions\/1971"}],"wp:featuredmedia":[{"embeddable":true,"href":"https:\/\/coglobal.es\/os\/wp-json\/wp\/v2\/media\/1970"}],"wp:attachment":[{"href":"https:\/\/coglobal.es\/os\/wp-json\/wp\/v2\/media?parent=1969"}],"wp:term":[{"taxonomy":"category","embeddable":true,"href":"https:\/\/coglobal.es\/os\/wp-json\/wp\/v2\/categories?post=1969"},{"taxonomy":"post_tag","embeddable":true,"href":"https:\/\/coglobal.es\/os\/wp-json\/wp\/v2\/tags?post=1969"}],"curies":[{"name":"wp","href":"https:\/\/api.w.org\/{rel}","templated":true}]}}