{"id":1986,"date":"2024-02-09T13:50:36","date_gmt":"2024-02-09T12:50:36","guid":{"rendered":"https:\/\/coglobal.es\/os\/?p=1986"},"modified":"2024-02-09T13:51:55","modified_gmt":"2024-02-09T12:51:55","slug":"una-exposicion-con-carteleria-elaborada-por-jovenes-de-malaga-para-promover-la-igualdad-de-genero-entre-sus-pares","status":"publish","type":"post","link":"https:\/\/coglobal.es\/os\/una-exposicion-con-carteleria-elaborada-por-jovenes-de-malaga-para-promover-la-igualdad-de-genero-entre-sus-pares\/","title":{"rendered":"Una exposici\u00f3n con carteler\u00eda elaborada por j\u00f3venes de M\u00e1laga para promover la igualdad de g\u00e9nero entre sus pares"},"content":{"rendered":"\n<p class=\"intro-content\">Los chicos y chicas de 2\u00ba de ESO del IES Bel\u00e9n (M\u00e1laga) ponen el broche final al proyecto Coopera por el ODS 5 con la organizaci\u00f3n de una exposici\u00f3n sobre el ODS 5 de igualdad de g\u00e9nero en el hall de su centro educativo. La actividad fue dise\u00f1ada y organizada por el propio alumnado, con el apoyo del centro educativo y el equipo de Coglobal.<\/p>\n\n\n\n<div style=\"height:30px\" aria-hidden=\"true\" class=\"wp-block-spacer\"><\/div>\n\n\n\n<figure class=\"wp-block-image size-large is-resized\"><img loading=\"lazy\" decoding=\"async\" width=\"1024\" height=\"692\" src=\"https:\/\/coglobal.es\/os\/wp-content\/uploads\/2024\/02\/Campana-sensibilizacion-2-1024x692.jpeg\" alt=\"\" class=\"wp-image-1987\" style=\"width:649px;height:auto\" srcset=\"https:\/\/coglobal.es\/os\/wp-content\/uploads\/2024\/02\/Campana-sensibilizacion-2-1024x692.jpeg 1024w, https:\/\/coglobal.es\/os\/wp-content\/uploads\/2024\/02\/Campana-sensibilizacion-2-300x203.jpeg 300w, https:\/\/coglobal.es\/os\/wp-content\/uploads\/2024\/02\/Campana-sensibilizacion-2-768x519.jpeg 768w, https:\/\/coglobal.es\/os\/wp-content\/uploads\/2024\/02\/Campana-sensibilizacion-2-1536x1038.jpeg 1536w, https:\/\/coglobal.es\/os\/wp-content\/uploads\/2024\/02\/Campana-sensibilizacion-2.jpeg 1920w\" sizes=\"auto, (max-width: 1024px) 100vw, 1024px\" \/><\/figure>\n\n\n\n<div style=\"height:30px\" aria-hidden=\"true\" class=\"wp-block-spacer\"><\/div>\n\n\n\n<p>Coopera por el ODS 5 es financiado por el \u00c1rea de Participaci\u00f3n Ciudadana, Migraci\u00f3n, Acci\u00f3n Exterior, Cooperaci\u00f3n al Desarrollo, Transparencia y Buen Gobierno del Ayuntamiento de M\u00e1laga, y tiene por objeto sensibilizar a la poblaci\u00f3n m\u00e1s joven de M\u00e1laga para la promoci\u00f3n de la igualdad de g\u00e9nero y la cooperaci\u00f3n internacional al desarrollo, poniendo el foco en el quinto Objetivo de Desarrollo Sostenible (ODS): <strong>Igualdad de g\u00e9nero<\/strong> de la Agenda 2030.<\/p>\n\n\n\n<p>Con la finalidad de que los y las escolares malague\u00f1as participantes conocieran la realidad sobre las desigualdades de g\u00e9nero en pa\u00edses en v\u00edas de desarrollo e intercambiasen experiencias para la sensibilizaci\u00f3n escolar en torno a la tem\u00e1tica, se convoc\u00f3 un encuentro telem\u00e1tico entre el alumnado participante e integrantes del Ayuntamiento Juvenil e Infantil (AJI) de Santo Domingo Norte, en Rep\u00fablica Dominicana.<\/p>\n\n\n\n<p>Los AJI son espacios de participaci\u00f3n directa conformados por el voto popular de la mayor\u00eda de ni\u00f1os, ni\u00f1as y adolescentes del municipio donde se implementa, el cual pone a disposici\u00f3n del AJI un presupuesto propio para atender los derechos y necesidades que priorizan y deciden los propios chicos y chicas.<\/p>\n\n\n\n<p>Las personas integrantes de este AJI ya tienen experiencia en acciones de diagn\u00f3stico participativo en torno a la consecuci\u00f3n del ODS 5 en su territorio, as\u00ed como en el dise\u00f1o y puesta en marcha de campa\u00f1as de sensibilizaci\u00f3n sobre el ODS 5, resultando un espacio de encuentro enriquecedor para la juventud malague\u00f1a.<\/p>\n\n\n\n<figure class=\"wp-block-image size-full is-resized\"><img loading=\"lazy\" decoding=\"async\" width=\"886\" height=\"454\" src=\"https:\/\/coglobal.es\/os\/wp-content\/uploads\/2023\/11\/Ayuntamiento-Malaga-.png\" alt=\"\" class=\"wp-image-1982\" style=\"width:237px;height:auto\" srcset=\"https:\/\/coglobal.es\/os\/wp-content\/uploads\/2023\/11\/Ayuntamiento-Malaga-.png 886w, https:\/\/coglobal.es\/os\/wp-content\/uploads\/2023\/11\/Ayuntamiento-Malaga--300x154.png 300w, https:\/\/coglobal.es\/os\/wp-content\/uploads\/2023\/11\/Ayuntamiento-Malaga--768x394.png 768w\" sizes=\"auto, (max-width: 886px) 100vw, 886px\" \/><\/figure>\n\n\n\n<p><\/p>\n","protected":false},"excerpt":{"rendered":"<p>Los chicos y chicas de 2\u00ba de ESO del IES Bel\u00e9n (M\u00e1laga) ponen el broche final al proyecto Coopera por el ODS 5 con la organizaci\u00f3n de una exposici\u00f3n sobre el ODS 5 de igualdad de g\u00e9nero en el hall de su centro educativo. La actividad fue dise\u00f1ada y organizada por el propio alumnado, con el apoyo del centro educativo y el equipo de Coglobal. Coopera por el ODS 5 es financiado por el \u00c1rea de Participaci\u00f3n Ciudadana, Migraci\u00f3n, Acci\u00f3n Exterior, Cooperaci\u00f3n al Desarrollo, Transparencia y Buen Gobierno del Ayuntamiento de M\u00e1laga, y tiene por objeto sensibilizar a la poblaci\u00f3n [&#8230;]<\/p>\n<p><a class=\"btn btn-secondary understrap-read-more-link\" href=\"https:\/\/coglobal.es\/os\/una-exposicion-con-carteleria-elaborada-por-jovenes-de-malaga-para-promover-la-igualdad-de-genero-entre-sus-pares\/\">Leer m\u00e1s&#8230;<\/a><\/p>\n","protected":false},"author":1,"featured_media":1987,"comment_status":"open","ping_status":"closed","sticky":false,"template":"","format":"standard","meta":{"footnotes":""},"categories":[122],"tags":[],"class_list":["post-1986","post","type-post","status-publish","format-standard","has-post-thumbnail","hentry","category-coopera-por-el-ods5"],"featured_image_urls_v2":{"full":["https:\/\/coglobal.es\/os\/wp-content\/uploads\/2024\/02\/Campana-sensibilizacion-2.jpeg",1920,1298,false],"thumbnail":["https:\/\/coglobal.es\/os\/wp-content\/uploads\/2024\/02\/Campana-sensibilizacion-2-150x150.jpeg",150,150,true],"medium":["https:\/\/coglobal.es\/os\/wp-content\/uploads\/2024\/02\/Campana-sensibilizacion-2-300x203.jpeg",300,203,true],"medium_large":["https:\/\/coglobal.es\/os\/wp-content\/uploads\/2024\/02\/Campana-sensibilizacion-2-768x519.jpeg",640,433,true],"large":["https:\/\/coglobal.es\/os\/wp-content\/uploads\/2024\/02\/Campana-sensibilizacion-2-1024x692.jpeg",640,433,true],"1536x1536":["https:\/\/coglobal.es\/os\/wp-content\/uploads\/2024\/02\/Campana-sensibilizacion-2-1536x1038.jpeg",1536,1038,true],"2048x2048":["https:\/\/coglobal.es\/os\/wp-content\/uploads\/2024\/02\/Campana-sensibilizacion-2.jpeg",1920,1298,false]},"post_excerpt_stackable_v2":"<p>Los chicos y chicas de 2\u00ba de ESO del IES Bel\u00e9n (M\u00e1laga) ponen el broche final al proyecto Coopera por el ODS 5 con la organizaci\u00f3n de una exposici\u00f3n sobre el ODS 5 de igualdad de g\u00e9nero en el hall de su centro educativo. La actividad fue dise\u00f1ada y organizada por el propio alumnado, con el apoyo del centro educativo y el equipo de Coglobal. Coopera por el ODS 5 es financiado por el \u00c1rea de Participaci\u00f3n Ciudadana, Migraci\u00f3n, Acci\u00f3n Exterior, Cooperaci\u00f3n al Desarrollo, Transparencia y Buen Gobierno del Ayuntamiento de M\u00e1laga, y tiene por objeto sensibilizar a la poblaci\u00f3n&hellip;<\/p>\n","category_list_v2":"<a href=\"https:\/\/coglobal.es\/os\/category\/coopera-por-el-ods5\/\" rel=\"category tag\">Coopera por el ODS5<\/a>","author_info_v2":{"name":"OS!","url":"https:\/\/coglobal.es\/os\/author\/coglobal_w2voeg\/"},"comments_num_v2":"0 comentarios","_links":{"self":[{"href":"https:\/\/coglobal.es\/os\/wp-json\/wp\/v2\/posts\/1986","targetHints":{"allow":["GET"]}}],"collection":[{"href":"https:\/\/coglobal.es\/os\/wp-json\/wp\/v2\/posts"}],"about":[{"href":"https:\/\/coglobal.es\/os\/wp-json\/wp\/v2\/types\/post"}],"author":[{"embeddable":true,"href":"https:\/\/coglobal.es\/os\/wp-json\/wp\/v2\/users\/1"}],"replies":[{"embeddable":true,"href":"https:\/\/coglobal.es\/os\/wp-json\/wp\/v2\/comments?post=1986"}],"version-history":[{"count":2,"href":"https:\/\/coglobal.es\/os\/wp-json\/wp\/v2\/posts\/1986\/revisions"}],"predecessor-version":[{"id":1989,"href":"https:\/\/coglobal.es\/os\/wp-json\/wp\/v2\/posts\/1986\/revisions\/1989"}],"wp:featuredmedia":[{"embeddable":true,"href":"https:\/\/coglobal.es\/os\/wp-json\/wp\/v2\/media\/1987"}],"wp:attachment":[{"href":"https:\/\/coglobal.es\/os\/wp-json\/wp\/v2\/media?parent=1986"}],"wp:term":[{"taxonomy":"category","embeddable":true,"href":"https:\/\/coglobal.es\/os\/wp-json\/wp\/v2\/categories?post=1986"},{"taxonomy":"post_tag","embeddable":true,"href":"https:\/\/coglobal.es\/os\/wp-json\/wp\/v2\/tags?post=1986"}],"curies":[{"name":"wp","href":"https:\/\/api.w.org\/{rel}","templated":true}]}}