{"id":2006,"date":"2024-05-30T07:00:08","date_gmt":"2024-05-30T06:00:08","guid":{"rendered":"https:\/\/coglobal.es\/os\/?p=2006"},"modified":"2024-05-31T13:17:01","modified_gmt":"2024-05-31T12:17:01","slug":"alumnado-de-los-municipios-de-murcia-y-mazarron-disenaron-videos-de-sensibilizacion-sobre-los-ods-en-el-marco-del-proyecto-objetivo-sostenibilidad","status":"publish","type":"post","link":"https:\/\/coglobal.es\/os\/alumnado-de-los-municipios-de-murcia-y-mazarron-disenaron-videos-de-sensibilizacion-sobre-los-ods-en-el-marco-del-proyecto-objetivo-sostenibilidad\/","title":{"rendered":"Alumnado de los municipios de Murcia y Mazarr\u00f3n dise\u00f1aron videos de sensibilizaci\u00f3n sobre los ods en el marco del proyecto Objetivo Sostenibilidad"},"content":{"rendered":"<div class=\"wp-block-image\">\n<figure class=\"alignright size-large is-resized\"><img loading=\"lazy\" decoding=\"async\" width=\"768\" height=\"1024\" src=\"https:\/\/coglobal.es\/os\/wp-content\/uploads\/2024\/05\/20240419_S8-Balsicas-1-web-768x1024.jpg\" alt=\"\" class=\"wp-image-2010\" style=\"width:300px\" srcset=\"https:\/\/coglobal.es\/os\/wp-content\/uploads\/2024\/05\/20240419_S8-Balsicas-1-web-768x1024.jpg 768w, https:\/\/coglobal.es\/os\/wp-content\/uploads\/2024\/05\/20240419_S8-Balsicas-1-web-225x300.jpg 225w, https:\/\/coglobal.es\/os\/wp-content\/uploads\/2024\/05\/20240419_S8-Balsicas-1-web.jpg 998w\" sizes=\"auto, (max-width: 768px) 100vw, 768px\" \/><\/figure>\n<\/div>\n\n\n<p class=\"intro-content\">Alumnado de los CEIPS Siglo XXI y Garre Alp\u00e1\u00f1ez de los municipios murcianos de Torrepacheco y Mazarr\u00f3n, participaron en una nueva edici\u00f3n del proyecto Objetivo Sostenibilidad subvencionado por la Consejer\u00eda de Presidencia, Portavoc\u00eda y Acci\u00f3n Exterior de la Regi\u00f3n de Murcia, y desarrollado por Coglobal bajo la supervisi\u00f3n de la Direcci\u00f3n General de Acci\u00f3n Exterior y Cooperaci\u00f3n.<\/p>\n\n\n\n<p>A lo largo de este proceso, el grupo de participantes han visto ampliados sus conocimientos sobre los ODS, reflexionaron en torno a las implicaciones a largo plazo de sus acciones y decisiones en la sociedad y el medio ambiente m\u00e1s concretamente, sobre la importancia de alcanzar un desarrollo sostenible de los territorios y el papel que tienen las administraciones locales en esto. Asimismo, a trav\u00e9s de din\u00e1micas participativas, pudieron intercambiar opiniones, deliberar y co-dise\u00f1ar campa\u00f1as de sensibilizaci\u00f3n que acompa\u00f1aron de videos dirigidos al resto de la comunidad educativa.<\/p>\n\n\n\n<figure class=\"wp-block-embed is-type-video is-provider-youtube wp-block-embed-youtube wp-embed-aspect-16-9 wp-has-aspect-ratio\"><div class=\"wp-block-embed__wrapper\">\n<iframe loading=\"lazy\" title=\"OS! Murcia 2023\" width=\"640\" height=\"360\" src=\"https:\/\/www.youtube.com\/embed\/RVIoyckbIHI?feature=oembed\" frameborder=\"0\" allow=\"accelerometer; autoplay; clipboard-write; encrypted-media; gyroscope; picture-in-picture; web-share\" referrerpolicy=\"strict-origin-when-cross-origin\" allowfullscreen><\/iframe>\n<\/div><\/figure>\n\n\n<div class=\"wp-block-image\">\n<figure class=\"aligncenter size-large is-resized\"><img loading=\"lazy\" decoding=\"async\" width=\"1024\" height=\"484\" src=\"https:\/\/coglobal.es\/os\/wp-content\/uploads\/2024\/05\/Logo-Coglobal-1024x484.png\" alt=\"\" class=\"wp-image-2007\" style=\"width:200px\" srcset=\"https:\/\/coglobal.es\/os\/wp-content\/uploads\/2024\/05\/Logo-Coglobal-1024x484.png 1024w, https:\/\/coglobal.es\/os\/wp-content\/uploads\/2024\/05\/Logo-Coglobal-300x142.png 300w, https:\/\/coglobal.es\/os\/wp-content\/uploads\/2024\/05\/Logo-Coglobal-768x363.png 768w, https:\/\/coglobal.es\/os\/wp-content\/uploads\/2024\/05\/Logo-Coglobal-1536x726.png 1536w, https:\/\/coglobal.es\/os\/wp-content\/uploads\/2024\/05\/Logo-Coglobal.png 1936w\" sizes=\"auto, (max-width: 1024px) 100vw, 1024px\" \/><\/figure>\n<\/div>\n\n<div class=\"wp-block-image\">\n<figure class=\"aligncenter size-full\"><img loading=\"lazy\" decoding=\"async\" width=\"782\" height=\"238\" src=\"https:\/\/coglobal.es\/os\/wp-content\/uploads\/2024\/02\/Faldon-publicaciones.png\" alt=\"\" class=\"wp-image-1994\" srcset=\"https:\/\/coglobal.es\/os\/wp-content\/uploads\/2024\/02\/Faldon-publicaciones.png 782w, https:\/\/coglobal.es\/os\/wp-content\/uploads\/2024\/02\/Faldon-publicaciones-300x91.png 300w, https:\/\/coglobal.es\/os\/wp-content\/uploads\/2024\/02\/Faldon-publicaciones-768x234.png 768w\" sizes=\"auto, (max-width: 782px) 100vw, 782px\" \/><\/figure>\n<\/div>","protected":false},"excerpt":{"rendered":"<p>Alumnado de los CEIPS Siglo XXI y Garre Alp\u00e1\u00f1ez de los municipios murcianos de Torrepacheco y Mazarr\u00f3n, participaron en una nueva edici\u00f3n del proyecto Objetivo Sostenibilidad subvencionado por la Consejer\u00eda de Presidencia, Portavoc\u00eda y Acci\u00f3n Exterior de la Regi\u00f3n de Murcia, y desarrollado por Coglobal bajo la supervisi\u00f3n de la Direcci\u00f3n General de Acci\u00f3n Exterior y Cooperaci\u00f3n. A lo largo de este proceso, el grupo de participantes han visto ampliados sus conocimientos sobre los ODS, reflexionaron en torno a las implicaciones a largo plazo de sus acciones y decisiones en la sociedad y el medio ambiente m\u00e1s concretamente, sobre la [&#8230;]<\/p>\n<p><a class=\"btn btn-secondary understrap-read-more-link\" href=\"https:\/\/coglobal.es\/os\/alumnado-de-los-municipios-de-murcia-y-mazarron-disenaron-videos-de-sensibilizacion-sobre-los-ods-en-el-marco-del-proyecto-objetivo-sostenibilidad\/\">Leer m\u00e1s&#8230;<\/a><\/p>\n","protected":false},"author":1,"featured_media":2012,"comment_status":"open","ping_status":"closed","sticky":false,"template":"","format":"standard","meta":{"footnotes":""},"categories":[90,117,68,1,66],"tags":[108,91,26],"class_list":["post-2006","post","type-post","status-publish","format-standard","has-post-thumbnail","hentry","category-mazarron","category-murcia","category-objetivo-sostenibilidad","category-noticios","category-torre-pacheco","tag-murcia","tag-objetivo-sostenibilidad","tag-region-de-murcia"],"featured_image_urls_v2":{"full":["https:\/\/coglobal.es\/os\/wp-content\/uploads\/2024\/05\/20240416_S8-Mazarron-2-web.jpg",1331,998,false],"thumbnail":["https:\/\/coglobal.es\/os\/wp-content\/uploads\/2024\/05\/20240416_S8-Mazarron-2-web-150x150.jpg",150,150,true],"medium":["https:\/\/coglobal.es\/os\/wp-content\/uploads\/2024\/05\/20240416_S8-Mazarron-2-web-300x225.jpg",300,225,true],"medium_large":["https:\/\/coglobal.es\/os\/wp-content\/uploads\/2024\/05\/20240416_S8-Mazarron-2-web-768x576.jpg",640,480,true],"large":["https:\/\/coglobal.es\/os\/wp-content\/uploads\/2024\/05\/20240416_S8-Mazarron-2-web-1024x768.jpg",640,480,true],"1536x1536":["https:\/\/coglobal.es\/os\/wp-content\/uploads\/2024\/05\/20240416_S8-Mazarron-2-web.jpg",1331,998,false],"2048x2048":["https:\/\/coglobal.es\/os\/wp-content\/uploads\/2024\/05\/20240416_S8-Mazarron-2-web.jpg",1331,998,false]},"post_excerpt_stackable_v2":"<p>Alumnado de los CEIPS Siglo XXI y Garre Alp\u00e1\u00f1ez de los municipios murcianos de Torrepacheco y Mazarr\u00f3n, participaron en una nueva edici\u00f3n del proyecto Objetivo Sostenibilidad subvencionado por la Consejer\u00eda de Presidencia, Portavoc\u00eda y Acci\u00f3n Exterior de la Regi\u00f3n de Murcia, y desarrollado por Coglobal bajo la supervisi\u00f3n de la Direcci\u00f3n General de Acci\u00f3n Exterior y Cooperaci\u00f3n. A lo largo de este proceso, el grupo de participantes han visto ampliados sus conocimientos sobre los ODS, reflexionaron en torno a las implicaciones a largo plazo de sus acciones y decisiones en la sociedad y el medio ambiente m\u00e1s concretamente, sobre la&hellip;<\/p>\n","category_list_v2":"<a href=\"https:\/\/coglobal.es\/os\/category\/mazarron\/\" rel=\"category tag\">Mazarr\u00f3n<\/a>, <a href=\"https:\/\/coglobal.es\/os\/category\/murcia\/\" rel=\"category tag\">Murcia<\/a>, <a href=\"https:\/\/coglobal.es\/os\/category\/objetivo-sostenibilidad\/\" rel=\"category tag\">Objetivo Sostenibilidad!<\/a>, <a href=\"https:\/\/coglobal.es\/os\/category\/noticios\/\" rel=\"category tag\">OS!<\/a>, <a href=\"https:\/\/coglobal.es\/os\/category\/torre-pacheco\/\" rel=\"category tag\">Torre-Pacheco<\/a>","author_info_v2":{"name":"OS!","url":"https:\/\/coglobal.es\/os\/author\/coglobal_w2voeg\/"},"comments_num_v2":"0 comentarios","_links":{"self":[{"href":"https:\/\/coglobal.es\/os\/wp-json\/wp\/v2\/posts\/2006","targetHints":{"allow":["GET"]}}],"collection":[{"href":"https:\/\/coglobal.es\/os\/wp-json\/wp\/v2\/posts"}],"about":[{"href":"https:\/\/coglobal.es\/os\/wp-json\/wp\/v2\/types\/post"}],"author":[{"embeddable":true,"href":"https:\/\/coglobal.es\/os\/wp-json\/wp\/v2\/users\/1"}],"replies":[{"embeddable":true,"href":"https:\/\/coglobal.es\/os\/wp-json\/wp\/v2\/comments?post=2006"}],"version-history":[{"count":3,"href":"https:\/\/coglobal.es\/os\/wp-json\/wp\/v2\/posts\/2006\/revisions"}],"predecessor-version":[{"id":2014,"href":"https:\/\/coglobal.es\/os\/wp-json\/wp\/v2\/posts\/2006\/revisions\/2014"}],"wp:featuredmedia":[{"embeddable":true,"href":"https:\/\/coglobal.es\/os\/wp-json\/wp\/v2\/media\/2012"}],"wp:attachment":[{"href":"https:\/\/coglobal.es\/os\/wp-json\/wp\/v2\/media?parent=2006"}],"wp:term":[{"taxonomy":"category","embeddable":true,"href":"https:\/\/coglobal.es\/os\/wp-json\/wp\/v2\/categories?post=2006"},{"taxonomy":"post_tag","embeddable":true,"href":"https:\/\/coglobal.es\/os\/wp-json\/wp\/v2\/tags?post=2006"}],"curies":[{"name":"wp","href":"https:\/\/api.w.org\/{rel}","templated":true}]}}