{"id":2034,"date":"2024-12-05T08:05:45","date_gmt":"2024-12-05T07:05:45","guid":{"rendered":"https:\/\/coglobal.es\/os\/?p=2034"},"modified":"2025-01-13T10:02:07","modified_gmt":"2025-01-13T09:02:07","slug":"gracias-por-dejarnos-decir-lo-que-pensamos","status":"publish","type":"post","link":"https:\/\/coglobal.es\/os\/gracias-por-dejarnos-decir-lo-que-pensamos\/","title":{"rendered":"\u00abGracias por dejarnos decir lo que pensamos\u00bb"},"content":{"rendered":"\n<figure class=\"wp-block-image size-large\"><img loading=\"lazy\" decoding=\"async\" width=\"1024\" height=\"1024\" src=\"https:\/\/coglobal.es\/os\/wp-content\/uploads\/2024\/12\/IMG-20241123-WA0013-1024x1024.webp\" alt=\"\" class=\"wp-image-2035\" srcset=\"https:\/\/coglobal.es\/os\/wp-content\/uploads\/2024\/12\/IMG-20241123-WA0013-1024x1024.webp 1024w, https:\/\/coglobal.es\/os\/wp-content\/uploads\/2024\/12\/IMG-20241123-WA0013-300x300.webp 300w, https:\/\/coglobal.es\/os\/wp-content\/uploads\/2024\/12\/IMG-20241123-WA0013-150x150.webp 150w, https:\/\/coglobal.es\/os\/wp-content\/uploads\/2024\/12\/IMG-20241123-WA0013-768x768.webp 768w, https:\/\/coglobal.es\/os\/wp-content\/uploads\/2024\/12\/IMG-20241123-WA0013.webp 1080w\" sizes=\"auto, (max-width: 1024px) 100vw, 1024px\" \/><\/figure>\n\n\n\n<h2 class=\"wp-block-heading\"><strong>El alumnado malague\u00f1o comparte sus reflexiones sobre igualdad de g\u00e9nero en el cierre del proyecto \u00abCoopera por el ODS 5\u00bb<\/strong><\/h2>\n\n\n\n<p class=\"intro-content\">El proyecto \u00abCoopera por el ODS 5\u00bb, impulsado por la asociaci\u00f3n Coglobal y financiado por el Ayuntamiento de M\u00e1laga, cerr\u00f3 su ciclo en el IES Bel\u00e9n. La iniciativa, basada en la metodolog\u00eda \u00c1gora, logr\u00f3 convertir las aulas en espacios de deliberaci\u00f3n, an\u00e1lisis cr\u00edtico y creatividad, sensibilizando a estudiantes de 2\u00ba de la ESO sobre la importancia de la igualdad de g\u00e9nero y la cooperaci\u00f3n internacional. Este programa, dise\u00f1ado para promover el quinto Objetivo de Desarrollo Sostenible (ODS) de la Agenda 2030, permiti\u00f3 al alumnado reflexionar sobre los estereotipos de g\u00e9nero y las desigualdades existentes tanto a nivel local como global.<\/p>\n\n\n\n<p>Al cierre del proyecto, las y los participantes manifestaron un profundo aprendizaje sobre la igualdad y c\u00f3mo este derecho est\u00e1 reflejado en la agenda internacional, como en los ODS marcados por la ONU. Adem\u00e1s, en su acercamiento a la cooperaci\u00f3n internacional, reconocieron las diferencias entre las realidades europeas y las de los pa\u00edses en desarrollo, valorando la importancia de una perspectiva global.&nbsp;<\/p>\n\n\n\n<p>El proyecto tambi\u00e9n dej\u00f3 huella en las habilidades sociales del alumnado, quienes destacaron el compa\u00f1erismo, la capacidad de debatir y respetar ideas distintas, y el entusiasmo por trabajar en equipo en la creaci\u00f3n de campa\u00f1as de sensibilizaci\u00f3n que dise\u00f1aron para compartir sus reflexiones con el resto de la comunidad educativa. Con sus palabras, reconocieron el espacio como un lugar de aprendizaje, reflexi\u00f3n y diversi\u00f3n donde se sintieron escuchados y valorados.&nbsp;<\/p>\n\n\n\n<p>\u00abCoopera por el ODS 5\u00bb no solo promovi\u00f3 la igualdad de g\u00e9nero, sino que tambi\u00e9n sembr\u00f3 en el alumnado la conciencia de su papel en la transformaci\u00f3n social. Las y los j\u00f3venes malague\u00f1os cerraron este ciclo con un mensaje claro: el compromiso con un mundo m\u00e1s justo y equitativo comienza desde la reflexi\u00f3n y la acci\u00f3n colectiva.<\/p>\n\n\n<div class=\"wp-block-image\">\n<figure class=\"aligncenter size-large is-resized\"><img loading=\"lazy\" decoding=\"async\" width=\"1024\" height=\"534\" src=\"https:\/\/coglobal.es\/os\/wp-content\/uploads\/2025\/01\/Logo_PRINCIPAL_RGB-1024x534.png\" alt=\"\" class=\"wp-image-2039\" style=\"width:300px\" srcset=\"https:\/\/coglobal.es\/os\/wp-content\/uploads\/2025\/01\/Logo_PRINCIPAL_RGB-1024x534.png 1024w, https:\/\/coglobal.es\/os\/wp-content\/uploads\/2025\/01\/Logo_PRINCIPAL_RGB-300x156.png 300w, https:\/\/coglobal.es\/os\/wp-content\/uploads\/2025\/01\/Logo_PRINCIPAL_RGB-768x401.png 768w, https:\/\/coglobal.es\/os\/wp-content\/uploads\/2025\/01\/Logo_PRINCIPAL_RGB-1536x801.png 1536w, https:\/\/coglobal.es\/os\/wp-content\/uploads\/2025\/01\/Logo_PRINCIPAL_RGB-2048x1068.png 2048w\" sizes=\"auto, (max-width: 1024px) 100vw, 1024px\" \/><\/figure>\n<\/div>","protected":false},"excerpt":{"rendered":"<p>El alumnado malague\u00f1o comparte sus reflexiones sobre igualdad de g\u00e9nero en el cierre del proyecto \u00abCoopera por el ODS 5\u00bb El proyecto \u00abCoopera por el ODS 5\u00bb, impulsado por la asociaci\u00f3n Coglobal y financiado por el Ayuntamiento de M\u00e1laga, cerr\u00f3 su ciclo en el IES Bel\u00e9n. La iniciativa, basada en la metodolog\u00eda \u00c1gora, logr\u00f3 convertir las aulas en espacios de deliberaci\u00f3n, an\u00e1lisis cr\u00edtico y creatividad, sensibilizando a estudiantes de 2\u00ba de la ESO sobre la importancia de la igualdad de g\u00e9nero y la cooperaci\u00f3n internacional. Este programa, dise\u00f1ado para promover el quinto Objetivo de Desarrollo Sostenible (ODS) de la Agenda [&#8230;]<\/p>\n<p><a class=\"btn btn-secondary understrap-read-more-link\" href=\"https:\/\/coglobal.es\/os\/gracias-por-dejarnos-decir-lo-que-pensamos\/\">Leer m\u00e1s&#8230;<\/a><\/p>\n","protected":false},"author":1,"featured_media":2035,"comment_status":"closed","ping_status":"closed","sticky":false,"template":"","format":"standard","meta":{"footnotes":""},"categories":[122,1],"tags":[],"class_list":["post-2034","post","type-post","status-publish","format-standard","has-post-thumbnail","hentry","category-coopera-por-el-ods5","category-noticios"],"featured_image_urls_v2":{"full":["https:\/\/coglobal.es\/os\/wp-content\/uploads\/2024\/12\/IMG-20241123-WA0013.webp",1080,1080,false],"thumbnail":["https:\/\/coglobal.es\/os\/wp-content\/uploads\/2024\/12\/IMG-20241123-WA0013-150x150.webp",150,150,true],"medium":["https:\/\/coglobal.es\/os\/wp-content\/uploads\/2024\/12\/IMG-20241123-WA0013-300x300.webp",300,300,true],"medium_large":["https:\/\/coglobal.es\/os\/wp-content\/uploads\/2024\/12\/IMG-20241123-WA0013-768x768.webp",640,640,true],"large":["https:\/\/coglobal.es\/os\/wp-content\/uploads\/2024\/12\/IMG-20241123-WA0013-1024x1024.webp",640,640,true],"1536x1536":["https:\/\/coglobal.es\/os\/wp-content\/uploads\/2024\/12\/IMG-20241123-WA0013.webp",1080,1080,false],"2048x2048":["https:\/\/coglobal.es\/os\/wp-content\/uploads\/2024\/12\/IMG-20241123-WA0013.webp",1080,1080,false]},"post_excerpt_stackable_v2":"<p>El alumnado malague\u00f1o comparte sus reflexiones sobre igualdad de g\u00e9nero en el cierre del proyecto \u00abCoopera por el ODS 5\u00bb El proyecto \u00abCoopera por el ODS 5\u00bb, impulsado por la asociaci\u00f3n Coglobal y financiado por el Ayuntamiento de M\u00e1laga, cerr\u00f3 su ciclo en el IES Bel\u00e9n. La iniciativa, basada en la metodolog\u00eda \u00c1gora, logr\u00f3 convertir las aulas en espacios de deliberaci\u00f3n, an\u00e1lisis cr\u00edtico y creatividad, sensibilizando a estudiantes de 2\u00ba de la ESO sobre la importancia de la igualdad de g\u00e9nero y la cooperaci\u00f3n internacional. Este programa, dise\u00f1ado para promover el quinto Objetivo de Desarrollo Sostenible (ODS) de la Agenda&hellip;<\/p>\n","category_list_v2":"<a href=\"https:\/\/coglobal.es\/os\/category\/coopera-por-el-ods5\/\" rel=\"category tag\">Coopera por el ODS5<\/a>, <a href=\"https:\/\/coglobal.es\/os\/category\/noticios\/\" rel=\"category tag\">OS!<\/a>","author_info_v2":{"name":"OS!","url":"https:\/\/coglobal.es\/os\/author\/coglobal_w2voeg\/"},"comments_num_v2":"0 comentarios","_links":{"self":[{"href":"https:\/\/coglobal.es\/os\/wp-json\/wp\/v2\/posts\/2034","targetHints":{"allow":["GET"]}}],"collection":[{"href":"https:\/\/coglobal.es\/os\/wp-json\/wp\/v2\/posts"}],"about":[{"href":"https:\/\/coglobal.es\/os\/wp-json\/wp\/v2\/types\/post"}],"author":[{"embeddable":true,"href":"https:\/\/coglobal.es\/os\/wp-json\/wp\/v2\/users\/1"}],"replies":[{"embeddable":true,"href":"https:\/\/coglobal.es\/os\/wp-json\/wp\/v2\/comments?post=2034"}],"version-history":[{"count":3,"href":"https:\/\/coglobal.es\/os\/wp-json\/wp\/v2\/posts\/2034\/revisions"}],"predecessor-version":[{"id":2043,"href":"https:\/\/coglobal.es\/os\/wp-json\/wp\/v2\/posts\/2034\/revisions\/2043"}],"wp:featuredmedia":[{"embeddable":true,"href":"https:\/\/coglobal.es\/os\/wp-json\/wp\/v2\/media\/2035"}],"wp:attachment":[{"href":"https:\/\/coglobal.es\/os\/wp-json\/wp\/v2\/media?parent=2034"}],"wp:term":[{"taxonomy":"category","embeddable":true,"href":"https:\/\/coglobal.es\/os\/wp-json\/wp\/v2\/categories?post=2034"},{"taxonomy":"post_tag","embeddable":true,"href":"https:\/\/coglobal.es\/os\/wp-json\/wp\/v2\/tags?post=2034"}],"curies":[{"name":"wp","href":"https:\/\/api.w.org\/{rel}","templated":true}]}}